{"id":2298,"date":"2018-09-28T18:05:57","date_gmt":"2018-09-28T16:05:57","guid":{"rendered":"http:\/\/www.stefanopastor.it\/?p=2298"},"modified":"2018-10-16T20:52:51","modified_gmt":"2018-10-16T18:52:51","slug":"il-sigillo","status":"publish","type":"post","link":"https:\/\/www.stefanopastor.it\/?p=2298","title":{"rendered":"IL SIGILLO"},"content":{"rendered":"<p style=\"text-align: justify;\">Pu\u00f2 un demone evocato dall&#8217;inferno e imprigionato in una forma umana aspirare a vivere una vita normale? S\u00ec, pu\u00f2, se ormai sono decenni che nessuno ha bisogno dei suoi servigi. Pu\u00f2 avere una famiglia, un lavoro, inserirsi nella societ\u00e0. Ma se tutto dovesse ricominciare di nuovo?<\/p>\n<p><!--more--><\/p>\n<p style=\"text-align: justify;\"><strong>La trama:<\/strong> Ada \u00e8 un demone. Almeno cos\u00ec le hanno detto. Evocata in tempi lontanissimi e imprigionata in un corpo umano. Una schiava, destinata a esaudire i desideri di chiunque la possegga. Desideri di morte e distruzione. Il suo destino \u00e8 legato a un artefatto, attraverso il quale la comandano: il sigillo. Da allora sono passati secoli, millenni. \u00c8 molto tempo che non viene pi\u00f9 evocata, \u00e8 giunta a illudersi di essere finalmente libera. Ora ha una famiglia. Un marito e un figlio. Una vita piena, nonostante il segreto che nasconde. Ma anche questo \u00e8 destinato a finire. Una sera, mentre si trova all\u2019opera col marito, viene di nuovo evocata. Nonostante lei cerchi di impedirlo, anche il marito assiste all\u2019evento e ne resta sconvolto. Ada \u00e8 costretta a raccontargli la verit\u00e0: le restano solo otto giorni per portare a termine il suo compito. Diventare di nuovo un\u2019assassina. A sorpresa, lui decide di non abbandonarla, anzi di aiutarla. Perch\u00e9 c\u2019\u00e8 un solo modo di farlo veramente: appropriarsi del sigillo, liberandola in modo definitivo.<\/p>\n<p>&nbsp;<\/p>\n<p><streetlib-element id=\"5bc6339b21bc000a1e14ced7\" width=\"\" height=\"\"><\/streetlib-element><script src=\"https:\/\/d2m0a0wzacsl4r.cloudfront.net\/streetlib.min.js\" async><\/script><\/p>\n","protected":false},"excerpt":{"rendered":"<p>Pu\u00f2 un demone evocato dall&#8217;inferno e imprigionato in una forma umana aspirare a vivere una vita normale? S\u00ec, pu\u00f2, se ormai sono decenni che nessuno ha bisogno dei suoi servigi. Pu\u00f2 avere una famiglia, un lavoro, inserirsi nella societ\u00e0. Ma se tutto dovesse ricominciare di nuovo?<\/p>\n","protected":false},"author":1,"featured_media":2299,"comment_status":"closed","ping_status":"open","sticky":false,"template":"","format":"standard","meta":[],"categories":[52,35],"tags":[23,17,19,18,16],"_links":{"self":[{"href":"https:\/\/www.stefanopastor.it\/index.php?rest_route=\/wp\/v2\/posts\/2298"}],"collection":[{"href":"https:\/\/www.stefanopastor.it\/index.php?rest_route=\/wp\/v2\/posts"}],"about":[{"href":"https:\/\/www.stefanopastor.it\/index.php?rest_route=\/wp\/v2\/types\/post"}],"author":[{"embeddable":true,"href":"https:\/\/www.stefanopastor.it\/index.php?rest_route=\/wp\/v2\/users\/1"}],"replies":[{"embeddable":true,"href":"https:\/\/www.stefanopastor.it\/index.php?rest_route=%2Fwp%2Fv2%2Fcomments&post=2298"}],"version-history":[{"count":6,"href":"https:\/\/www.stefanopastor.it\/index.php?rest_route=\/wp\/v2\/posts\/2298\/revisions"}],"predecessor-version":[{"id":2330,"href":"https:\/\/www.stefanopastor.it\/index.php?rest_route=\/wp\/v2\/posts\/2298\/revisions\/2330"}],"wp:featuredmedia":[{"embeddable":true,"href":"https:\/\/www.stefanopastor.it\/index.php?rest_route=\/wp\/v2\/media\/2299"}],"wp:attachment":[{"href":"https:\/\/www.stefanopastor.it\/index.php?rest_route=%2Fwp%2Fv2%2Fmedia&parent=2298"}],"wp:term":[{"taxonomy":"category","embeddable":true,"href":"https:\/\/www.stefanopastor.it\/index.php?rest_route=%2Fwp%2Fv2%2Fcategories&post=2298"},{"taxonomy":"post_tag","embeddable":true,"href":"https:\/\/www.stefanopastor.it\/index.php?rest_route=%2Fwp%2Fv2%2Ftags&post=2298"}],"curies":[{"name":"wp","href":"https:\/\/api.w.org\/{rel}","templated":true}]}}