{"id":1911,"date":"2018-03-28T16:42:44","date_gmt":"2018-03-28T16:42:44","guid":{"rendered":"http:\/\/www.stefanopastor.it\/?p=1911"},"modified":"2018-08-12T16:59:39","modified_gmt":"2018-08-12T14:59:39","slug":"morte","status":"publish","type":"post","link":"https:\/\/www.stefanopastor.it\/?p=1911","title":{"rendered":"MORTE"},"content":{"rendered":"<p style=\"text-align: justify;\">In quella vecchia miniera abbandonata ha edificato la sua dimora. In quelle buie gallerie prospera. \u00c8 ovunque, domina il paese. Decide che debba vivere e chi morire. Il suo nome \u00e8 Morte e forse non \u00e8 solo una leggenda.<\/p>\n<p><!--more--><\/p>\n<p style=\"text-align: justify;\"><strong>La trama:<\/strong>\u00a0Roberta, presentatrice televisiva, torna dopo vent\u2019anni nel paesino di montagna dove ha trascorso la sua infanzia, per partecipare al funerale del padre. \u00c8 sua intenzione restare solo poche ore, ma una piena del fiume ha travolto l\u2019unico ponte, sommergendolo. Prigioniera suo malgrado, non pu\u00f2 esimersi dall\u2019affrontare i ricordi, ma soprattutto gli incubi. Francesco, l\u2019ex-ragazzo che ha abbandonato, Claudia, la migliore amica, poi diventata acerrima nemica. Soprattutto fare il conto di chi non c\u2019\u00e8 pi\u00f9. Di tutti quelli che sono morti nel corso degli anni. Tante morti, troppe morti, al punto che in paese si mormora che la Morte stessa abbia scelto Picconero come sua dimora. Suo padre ne era convinto, poco prima di uccidersi. Ma \u00e8 stato davvero un suicidio? Roberta le \u00e8 sfuggita, vent\u2019anni prima, ma ora ha commesso l\u2019errore di tornare, la Morte esige il suo tributo. Mentre le persone che le sono pi\u00f9 vicine continuano a morire in modi inspiegabili, Roberta si rende conto che non le \u00e8 rimasto molto tempo per scoprire chi sta cercando di annientarli, perch\u00e9 sar\u00e0 lei la prossima vittima.<\/p>\n<p style=\"text-align: justify;\">Un thriller suggestivo, che ha nell&#8217;ambientazione il suo punto di forza. Un paesino tra i monti, sovrastato da un&#8217;immensa diga, costeggiato da un fiume, con un unico ponte a collegarlo alla civilt\u00e0. Una miniera abbandonata che nei secoli \u00e8 cresciuta in modo spropositato, al punto che le sue gallerie hanno traforato tutti i monti circostanti. Un incidente che isola gli abitanti, lasciandoli preda di una furia omicida.<\/p>\n<p>&nbsp;<\/p>\n<p><streetlib-element id=\"5abe4e11bd65db7aac2e7f28\" width=\"\" height=\"\"><\/streetlib-element><script src=\"https:\/\/d2m0a0wzacsl4r.cloudfront.net\/streetlib.min.js\" async><\/script><\/p>\n","protected":false},"excerpt":{"rendered":"<p>In quella vecchia miniera abbandonata ha edificato la sua dimora. In quelle buie gallerie prospera. \u00c8 ovunque, domina il paese. Decide che debba vivere e chi morire. Il suo nome \u00e8 Morte e forse non \u00e8 solo una leggenda.<\/p>\n","protected":false},"author":1,"featured_media":1912,"comment_status":"closed","ping_status":"open","sticky":false,"template":"","format":"standard","meta":[],"categories":[14,35],"tags":[17,22,15],"_links":{"self":[{"href":"https:\/\/www.stefanopastor.it\/index.php?rest_route=\/wp\/v2\/posts\/1911"}],"collection":[{"href":"https:\/\/www.stefanopastor.it\/index.php?rest_route=\/wp\/v2\/posts"}],"about":[{"href":"https:\/\/www.stefanopastor.it\/index.php?rest_route=\/wp\/v2\/types\/post"}],"author":[{"embeddable":true,"href":"https:\/\/www.stefanopastor.it\/index.php?rest_route=\/wp\/v2\/users\/1"}],"replies":[{"embeddable":true,"href":"https:\/\/www.stefanopastor.it\/index.php?rest_route=%2Fwp%2Fv2%2Fcomments&post=1911"}],"version-history":[{"count":5,"href":"https:\/\/www.stefanopastor.it\/index.php?rest_route=\/wp\/v2\/posts\/1911\/revisions"}],"predecessor-version":[{"id":2214,"href":"https:\/\/www.stefanopastor.it\/index.php?rest_route=\/wp\/v2\/posts\/1911\/revisions\/2214"}],"wp:featuredmedia":[{"embeddable":true,"href":"https:\/\/www.stefanopastor.it\/index.php?rest_route=\/wp\/v2\/media\/1912"}],"wp:attachment":[{"href":"https:\/\/www.stefanopastor.it\/index.php?rest_route=%2Fwp%2Fv2%2Fmedia&parent=1911"}],"wp:term":[{"taxonomy":"category","embeddable":true,"href":"https:\/\/www.stefanopastor.it\/index.php?rest_route=%2Fwp%2Fv2%2Fcategories&post=1911"},{"taxonomy":"post_tag","embeddable":true,"href":"https:\/\/www.stefanopastor.it\/index.php?rest_route=%2Fwp%2Fv2%2Ftags&post=1911"}],"curies":[{"name":"wp","href":"https:\/\/api.w.org\/{rel}","templated":true}]}}