{"id":1597,"date":"2018-03-17T16:26:50","date_gmt":"2018-03-17T16:26:50","guid":{"rendered":"http:\/\/www.stefanopastor.it\/?p=1597"},"modified":"2018-08-12T17:53:28","modified_gmt":"2018-08-12T15:53:28","slug":"il-canto-di-lia","status":"publish","type":"post","link":"https:\/\/www.stefanopastor.it\/?p=1597","title":{"rendered":"IL CANTO DI LIA"},"content":{"rendered":"<p style=\"text-align: justify;\">Un&#8217;epica battaglia tra il bene e il male&#8230; ma senza il bene e senza il male. Perch\u00e9 Angeli e Demoni non sono che facce della stessa medaglia: parassiti della razza umana.<\/p>\n<p><!--more--><\/p>\n<p style=\"text-align: justify;\"><strong>La trama:<\/strong>\u00a0Rys \u00e8 un angelo. Almeno \u00e8 cos\u00ec che si presenta. Ma la sua \u00e8 solo un\u2019illusione. \u00c8 un predatore che si nutre di sentimenti, solo riuscendo a farsi amare pu\u00f2 sopravvivere. \u00c8 cresciuto e ha prosperato insieme alla sua citt\u00e0, che domina. Il segreto del suo successo? Un codice rigoroso che si \u00e8 auto-imposto. Il fulcro del suo potere \u00e8 la Corte: un gruppo di ragazzi e ragazze che lo amano alla follia e cos\u00ec facendo lo nutrono. Li ha scelti personalmente, uno per uno, li ha salvati dalla morte, ha dato loro una nuova vita. Perch\u00e9 questo impone il codice, che lui si nutra solo di chi \u00e8 destinato a morire. Una compensazione, per questa nuova esistenza che lui gli ha concesso. Ma ora qualcosa \u00e8 cambiato. Un\u2019inarrestabile catena di morti sta per compiersi, e lui deve impedirle. Deve salvare quei ragazzi, accoglierli nella sua Corte. Ha compreso che non pu\u00f2 essere casuale, qualcuno sta cercando di sviare la sua attenzione, tenendolo occupato. Ha compreso anche che solo un demone pu\u00f2 avere l\u2019ardire di attaccarlo. Un essere infido, viscido, che ha intenzione di distruggerlo. Lo ha capito ma non pu\u00f2 fare niente per impedirlo: quei ragazzi devono essere salvati a ogni costo.<\/p>\n<p style=\"text-align: justify;\">Concepito pi\u00f9 di trent&#8217;anni fa, le Cronache di Rys sono il primo ciclo che ho affrontato, nel lontano 2008. A tanti anni di distanza l&#8217;originalit\u00e0 della storia si \u00e8 un po&#8217; attenuata, ma il racconto mantiene ancora il suo fascino. Al di l\u00e0 delle apparenze questo libro non parla di Angeli e Demoni, ma di parassiti che si fingono tali, per dominare l&#8217;uomo. Pi\u00f9 horror che fantasy, soprattutto nella seconda parte. <em>Il canto di Lia<\/em> \u00e8 solo il primo volume della trilogia, a cui seguiranno presto <em>L&#8217;angelo della morte<\/em> e <em>Il sesso degli angeli<\/em>. A differenza di altri cicli, in questo caso non c&#8217;\u00e8 interruzione di continuit\u00e0, ovvero ogni libro continua esattamente dove \u00e8 finito il precedente, quasi la storia fosse una soltanto.<\/p>\n<p style=\"text-align: justify;\">Fulcro del libro \u00e8 il personaggio di Rys. Il suo aspetto \u00e8 quello di un angelo di pietra. Asessuato, capace di generare attributi sia maschili che femminili (ma tendenzialmente pi\u00f9 femmina che maschio), \u00e8 una creatura ermafrodita che si ciba di amore. L&#8217;amore \u00e8 la sua forza, ma anche la sua debolezza. Perch\u00e9 Rys aspira a diventare umano, non desidera altro. L&#8217;amore che lo domina \u00e8 solo un&#8217;imitazione di quello umano, e in lui tutto \u00e8 spinto all&#8217;eccesso. Pi\u00f9 realistico il personaggio di Lia, un demone che si presenta in forma umana (non dico quale per non rovinare la sorpresa). Lui si nutre di dolore, chi lo incontra non pu\u00f2 essere salvato. Cosa siano realmente non lo sanno neanche loro, aborriscono la loro vera forma, la guerra che hanno intrapreso ha origini antiche, e nessuno dei due pu\u00f2 sottrarvisi. C&#8217;\u00e8 una ragione per ogni cosa, e alla fine verr\u00e0 alla luce. Anche se sar\u00e0 solo un nuovo inizio.<\/p>\n<p>&nbsp;<\/p>\n<p><streetlib-element id=\"5aae98d340e9a643d9c54720\" width=\"\" height=\"\"><\/streetlib-element><script src=\"https:\/\/d2m0a0wzacsl4r.cloudfront.net\/streetlib.min.js\" async><\/script><\/p>\n<p><streetlib-element id=\"5aae991b40e9a643d9c5472a\" width=\"\" height=\"\"><\/streetlib-element><script src=\"https:\/\/d2m0a0wzacsl4r.cloudfront.net\/streetlib.min.js\" async><\/script><\/p>\n","protected":false},"excerpt":{"rendered":"<p>Un&#8217;epica battaglia tra il bene e il male&#8230; ma senza il bene e senza il male. Perch\u00e9 Angeli e Demoni non sono che facce della stessa medaglia: parassiti della razza umana.<\/p>\n","protected":false},"author":1,"featured_media":1598,"comment_status":"closed","ping_status":"open","sticky":false,"template":"","format":"standard","meta":[],"categories":[14,35],"tags":[41,19,16],"_links":{"self":[{"href":"https:\/\/www.stefanopastor.it\/index.php?rest_route=\/wp\/v2\/posts\/1597"}],"collection":[{"href":"https:\/\/www.stefanopastor.it\/index.php?rest_route=\/wp\/v2\/posts"}],"about":[{"href":"https:\/\/www.stefanopastor.it\/index.php?rest_route=\/wp\/v2\/types\/post"}],"author":[{"embeddable":true,"href":"https:\/\/www.stefanopastor.it\/index.php?rest_route=\/wp\/v2\/users\/1"}],"replies":[{"embeddable":true,"href":"https:\/\/www.stefanopastor.it\/index.php?rest_route=%2Fwp%2Fv2%2Fcomments&post=1597"}],"version-history":[{"count":5,"href":"https:\/\/www.stefanopastor.it\/index.php?rest_route=\/wp\/v2\/posts\/1597\/revisions"}],"predecessor-version":[{"id":2271,"href":"https:\/\/www.stefanopastor.it\/index.php?rest_route=\/wp\/v2\/posts\/1597\/revisions\/2271"}],"wp:featuredmedia":[{"embeddable":true,"href":"https:\/\/www.stefanopastor.it\/index.php?rest_route=\/wp\/v2\/media\/1598"}],"wp:attachment":[{"href":"https:\/\/www.stefanopastor.it\/index.php?rest_route=%2Fwp%2Fv2%2Fmedia&parent=1597"}],"wp:term":[{"taxonomy":"category","embeddable":true,"href":"https:\/\/www.stefanopastor.it\/index.php?rest_route=%2Fwp%2Fv2%2Fcategories&post=1597"},{"taxonomy":"post_tag","embeddable":true,"href":"https:\/\/www.stefanopastor.it\/index.php?rest_route=%2Fwp%2Fv2%2Ftags&post=1597"}],"curies":[{"name":"wp","href":"https:\/\/api.w.org\/{rel}","templated":true}]}}