{"id":1579,"date":"2018-03-17T15:58:35","date_gmt":"2018-03-17T15:58:35","guid":{"rendered":"http:\/\/www.stefanopastor.it\/?p=1579"},"modified":"2018-08-12T17:58:23","modified_gmt":"2018-08-12T15:58:23","slug":"la-tomba","status":"publish","type":"post","link":"https:\/\/www.stefanopastor.it\/?p=1579","title":{"rendered":"LA TOMBA"},"content":{"rendered":"<p style=\"text-align: justify;\">Inizia con questo volume la mia impresa pi\u00f9 ambiziosa. Le cronache del Regno senza nome e della sua citt\u00e0 pi\u00f9 rappresentativa: Awan. Kara e Llora, le due protagoniste, vi condurranno alla scoperta di un mondo fantastico e pericoloso.<\/p>\n<p><!--more--><\/p>\n<p><img loading=\"lazy\" class=\"size-full wp-image-1697 aligncenter\" src=\"http:\/\/www.stefanopastor.it\/wp-content\/uploads\/2018\/03\/40-La-tomba.-1-LAmico-ebook.jpg\" alt=\"\" width=\"300\" height=\"464\" srcset=\"https:\/\/www.stefanopastor.it\/wp-content\/uploads\/2018\/03\/40-La-tomba.-1-LAmico-ebook.jpg 300w, https:\/\/www.stefanopastor.it\/wp-content\/uploads\/2018\/03\/40-La-tomba.-1-LAmico-ebook-194x300.jpg 194w\" sizes=\"(max-width: 300px) 100vw, 300px\" \/><\/p>\n<p style=\"text-align: justify;\"><strong>La trama:\u00a0<\/strong>Il Regno \u00e8 unificato, in pace da secoli, ma questo non ha fatto che accrescere la disparit\u00e0 tra le varie classi sociali e ora \u00e8 una polveriera pronta a esplodere. Ne sono in parte causa due razze all\u2019apparenza umane, ma dall\u2019incerta provenienza: gli Amici e le Sorelle. Gli Amici sono schiavi, legati a un padrone con un contratto. Il loro prezzo \u00e8 altissimo, ma chiunque li possieda \u00e8\u00a0sicuro di poter contare sulla loro fedelt\u00e0. Le Sorelle, invece, sono parassiti. Servendosi della loro capacit\u00e0 di manipolare le menti umane si infiltrano nelle case, spacciandosi per familiari. Il loro unico fine \u00e8 condurre una vita agiata, ma c\u2019\u00e8 il rogo ad attenderle, quando vengono scoperte. Questa sarebbe la fine di Kara, se qualcuno non giungesse a salvarla. Una creatura leggendaria che non dovrebbe neppure esistere, oppure essere estinta da millenni: una gargoyle, ultima discendente di un popolo che ha dominato il Regno prima dell\u2019avvento dell\u2019uomo. Per ripagare il debito, Kara accetta un compito: recarsi ad Awan per aprire le sue tombe, costruzioni antichissime in cui sono contenuti i resti dei primi imperatori. Per fare ci\u00f2 avr\u00e0 bisogno di una chiave che \u00e8 in possesso di un Amico: Silfer. Non si preannuncia facile, perch\u00e9 da sempre Sorelle e Amici si detestano. Questo almeno finch\u00e9 non l\u2019avr\u00e0 incontrato. Da l\u00ec in poi nulla andr\u00e0 pi\u00f9 come aveva progettato.<\/p>\n<p><img loading=\"lazy\" class=\"size-large wp-image-1698 aligncenter\" src=\"http:\/\/www.stefanopastor.it\/wp-content\/uploads\/2018\/03\/41-La-tomba.-2-Il-Nemico-ebook.jpg\" alt=\"\" width=\"300\" height=\"464\" srcset=\"https:\/\/www.stefanopastor.it\/wp-content\/uploads\/2018\/03\/41-La-tomba.-2-Il-Nemico-ebook.jpg 300w, https:\/\/www.stefanopastor.it\/wp-content\/uploads\/2018\/03\/41-La-tomba.-2-Il-Nemico-ebook-194x300.jpg 194w\" sizes=\"(max-width: 300px) 100vw, 300px\" \/><\/p>\n<p style=\"text-align: justify;\">Due\u00a0parole sull&#8217;ambientazione: il mondo di Awan ricorda per molti versi la Francia poco prima della Rivoluzione. Ed \u00e8 proprio di questo che parla il libro, di una Rivoluzione messa in atto per spodestare l&#8217;Imperatore. Un&#8217;azione rapida, violenta eppure circoscritta, che in pochi giorni cancelli dalla faccia della terra un&#8217;intera classe politica. L&#8217;arma da usare? Il Nemico. Una fantomatica creatura che si dice abiti le Tombe di Awan, un tempo capitale di un altrettanto leggendario popolo estinto: le gargoyle.<\/p>\n<p style=\"text-align: justify;\">In questo contesto si muovono Kara e Llora. La prima \u00e8 una Sorella, opportunista ed egoista, alla ricerca del proprio tornaconto personale. Llora non \u00e8 molto diversa da lei, anche se in realt\u00e0 \u00e8 il suo opposto. Di nobili origini, ha scelto di diventare uno Scudo, ovvero una persona in grado di contrastare il potere delle Sorelle. Anche lei ha un obiettivo, molto personale. Eppure solo unendo le proprie forze potranno sopravvivere.<\/p>\n<p style=\"text-align: justify;\">A manovrare il tutto \u00e8 Yi, l&#8217;ultima gargoyle. Pure lei ha un piano, anche se preferisce non parlarne. Potrebbe essere una vendetta verso la razza che le ha estinte, oppure no. Perch\u00e9 \u00e8 da quella guerra avvenuta diecimila anni prima che tutto ha origine.<\/p>\n<p><streetlib-element id=\"5aaf83b840e9a643d9c585d2\" width=\"\" height=\"\"><\/streetlib-element><script src=\"https:\/\/d2m0a0wzacsl4r.cloudfront.net\/streetlib.min.js\" async><\/script><\/p>\n<p><streetlib-element id=\"5aaf83eb40e9a643d9c585db\" width=\"\" height=\"\"><\/streetlib-element><script src=\"https:\/\/d2m0a0wzacsl4r.cloudfront.net\/streetlib.min.js\" async><\/script><\/p>\n","protected":false},"excerpt":{"rendered":"<p>Inizia con questo volume la mia impresa pi\u00f9 ambiziosa. Le cronache del Regno senza nome e della sua citt\u00e0 pi\u00f9 rappresentativa: Awan. Kara e Llora, le due protagoniste, vi condurranno alla scoperta di un mondo fantastico e pericoloso.<\/p>\n","protected":false},"author":1,"featured_media":1580,"comment_status":"closed","ping_status":"open","sticky":false,"template":"","format":"standard","meta":[],"categories":[14,35],"tags":[23,17,41,18],"_links":{"self":[{"href":"https:\/\/www.stefanopastor.it\/index.php?rest_route=\/wp\/v2\/posts\/1579"}],"collection":[{"href":"https:\/\/www.stefanopastor.it\/index.php?rest_route=\/wp\/v2\/posts"}],"about":[{"href":"https:\/\/www.stefanopastor.it\/index.php?rest_route=\/wp\/v2\/types\/post"}],"author":[{"embeddable":true,"href":"https:\/\/www.stefanopastor.it\/index.php?rest_route=\/wp\/v2\/users\/1"}],"replies":[{"embeddable":true,"href":"https:\/\/www.stefanopastor.it\/index.php?rest_route=%2Fwp%2Fv2%2Fcomments&post=1579"}],"version-history":[{"count":7,"href":"https:\/\/www.stefanopastor.it\/index.php?rest_route=\/wp\/v2\/posts\/1579\/revisions"}],"predecessor-version":[{"id":2273,"href":"https:\/\/www.stefanopastor.it\/index.php?rest_route=\/wp\/v2\/posts\/1579\/revisions\/2273"}],"wp:featuredmedia":[{"embeddable":true,"href":"https:\/\/www.stefanopastor.it\/index.php?rest_route=\/wp\/v2\/media\/1580"}],"wp:attachment":[{"href":"https:\/\/www.stefanopastor.it\/index.php?rest_route=%2Fwp%2Fv2%2Fmedia&parent=1579"}],"wp:term":[{"taxonomy":"category","embeddable":true,"href":"https:\/\/www.stefanopastor.it\/index.php?rest_route=%2Fwp%2Fv2%2Fcategories&post=1579"},{"taxonomy":"post_tag","embeddable":true,"href":"https:\/\/www.stefanopastor.it\/index.php?rest_route=%2Fwp%2Fv2%2Ftags&post=1579"}],"curies":[{"name":"wp","href":"https:\/\/api.w.org\/{rel}","templated":true}]}}